{"id":7601,"date":"2017-09-26T12:02:11","date_gmt":"2017-09-26T12:02:11","guid":{"rendered":"https:\/\/www.fashioncompany.rs\/?p=7601"},"modified":"2017-09-26T12:02:11","modified_gmt":"2017-09-26T12:02:11","slug":"lik-rosi-de-palma-u-jesenjoj-kampanji-brenda-camper","status":"publish","type":"post","link":"https:\/\/www.fashioncompany.rs\/en\/lik-rosi-de-palma-u-jesenjoj-kampanji-brenda-camper\/","title":{"rendered":"LIK ROSI DE PALMA U JESENJOJ KAMPANJI BRENDA CAMPER"},"content":{"rendered":"<p class=\"qtranxs-available-languages-message qtranxs-available-languages-message-en\">Sorry, this entry is only available in <a href=\"https:\/\/www.fashioncompany.rs\/sr\/wp-json\/wp\/v2\/posts\/7601\" class=\"qtranxs-available-language-link qtranxs-available-language-link-sr\" title=\"Srpski\">Srpski<\/a>.<\/p>","protected":false},"excerpt":{"rendered":"<p class=\"qtranxs-available-languages-message qtranxs-available-languages-message-en\">Sorry, this entry is only available in <a href=\"https:\/\/www.fashioncompany.rs\/sr\/wp-json\/wp\/v2\/posts\/7601\" class=\"qtranxs-available-language-link qtranxs-available-language-link-sr\" title=\"Srpski\">Srpski<\/a>.<\/p>\n","protected":false},"author":1,"featured_media":7602,"comment_status":"closed","ping_status":"closed","sticky":false,"template":"","format":"standard","meta":{"_monsterinsights_skip_tracking":false,"_monsterinsights_sitenote_active":false,"_monsterinsights_sitenote_note":"","_monsterinsights_sitenote_category":0,"footnotes":""},"categories":[172],"tags":[131,420],"class_list":["post-7601","post","type-post","status-publish","format-standard","has-post-thumbnail","hentry","category-aktuelnosti","tag-camper","tag-fw17"],"yoast_head":"<!-- This site is optimized with the Yoast SEO plugin v27.4 - https:\/\/yoast.com\/product\/yoast-seo-wordpress\/ -->\n<title>LIK ROSI DE PALMA U JESENJOJ KAMPANJI BRENDA CAMPER - FashionCompany Corporate Site<\/title>\n<meta name=\"robots\" content=\"index, follow, max-snippet:-1, max-image-preview:large, max-video-preview:-1\" \/>\n<link rel=\"canonical\" href=\"https:\/\/www.fashioncompany.rs\/en\/lik-rosi-de-palma-u-jesenjoj-kampanji-brenda-camper\/\" \/>\n<meta property=\"og:locale\" content=\"en_US\" \/>\n<meta property=\"og:type\" content=\"article\" \/>\n<meta property=\"og:title\" content=\"LIK ROSI DE PALMA U JESENJOJ KAMPANJI BRENDA CAMPER - FashionCompany Corporate Site\" \/>\n<meta property=\"og:description\" content=\"[:sr]Tehno odiseja Romaina Kremera dobija svoj nastavak u Camperovoj poslednjoj nekonvencionalnoj i nadrealnoj kampanji za jesen\/zimu 2017. \u0160est novih avatara udahnulo je \u017eivot kampanji. Posebno se izdvaja lik \u010duvene \u0161panske glumice Rosi de Palma. Kampanjski imid\u017ei prikazuju uparene modele iz jesenje kolekcije zajedno sa sanjivim avatarima u monohromatskim kao i color block varijacijama \u0161to odli\u010dno odr\u017eava futuristi\u010dku estetiku brenda sa Majorke. [:]\" \/>\n<meta property=\"og:url\" content=\"https:\/\/www.fashioncompany.rs\/en\/lik-rosi-de-palma-u-jesenjoj-kampanji-brenda-camper\/\" \/>\n<meta property=\"og:site_name\" content=\"FashionCompany Corporate Site\" \/>\n<meta property=\"article:published_time\" content=\"2017-09-26T12:02:11+00:00\" \/>\n<meta property=\"og:image\" content=\"https:\/\/www.fashioncompany.rs\/wp-content\/uploads\/2017\/09\/768x514-4-1.jpg\" \/>\n\t<meta property=\"og:image:width\" content=\"768\" \/>\n\t<meta property=\"og:image:height\" content=\"514\" \/>\n\t<meta property=\"og:image:type\" content=\"image\/jpeg\" \/>\n<meta name=\"author\" content=\"admin\" \/>\n<meta name=\"twitter:card\" content=\"summary_large_image\" \/>\n<meta name=\"twitter:label1\" content=\"Written by\" \/>\n\t<meta name=\"twitter:data1\" content=\"admin\" \/>\n\t<meta name=\"twitter:label2\" content=\"Est. reading time\" \/>\n\t<meta name=\"twitter:data2\" content=\"1 minute\" \/>\n<script type=\"application\/ld+json\" class=\"yoast-schema-graph\">{\"@context\":\"https:\\\/\\\/schema.org\",\"@graph\":[{\"@type\":\"Article\",\"@id\":\"https:\\\/\\\/www.fashioncompany.rs\\\/en\\\/lik-rosi-de-palma-u-jesenjoj-kampanji-brenda-camper\\\/#article\",\"isPartOf\":{\"@id\":\"https:\\\/\\\/www.fashioncompany.rs\\\/en\\\/lik-rosi-de-palma-u-jesenjoj-kampanji-brenda-camper\\\/\"},\"author\":{\"name\":\"admin\",\"@id\":\"https:\\\/\\\/www.fashioncompany.rs\\\/en\\\/#\\\/schema\\\/person\\\/58aef3ee5c6be5ce7a406d851eff8338\"},\"headline\":\"LIK ROSI DE PALMA U JESENJOJ KAMPANJI BRENDA CAMPER\",\"datePublished\":\"2017-09-26T12:02:11+00:00\",\"mainEntityOfPage\":{\"@id\":\"https:\\\/\\\/www.fashioncompany.rs\\\/en\\\/lik-rosi-de-palma-u-jesenjoj-kampanji-brenda-camper\\\/\"},\"wordCount\":162,\"publisher\":{\"@id\":\"https:\\\/\\\/www.fashioncompany.rs\\\/en\\\/#organization\"},\"image\":{\"@id\":\"https:\\\/\\\/www.fashioncompany.rs\\\/en\\\/lik-rosi-de-palma-u-jesenjoj-kampanji-brenda-camper\\\/#primaryimage\"},\"thumbnailUrl\":\"https:\\\/\\\/www.fashioncompany.rs\\\/wp-content\\\/uploads\\\/2017\\\/09\\\/768x514-4-1.jpg\",\"keywords\":[\"CAMPER\",\"fw17\"],\"articleSection\":[\"News\"],\"inLanguage\":\"en-US\"},{\"@type\":\"WebPage\",\"@id\":\"https:\\\/\\\/www.fashioncompany.rs\\\/en\\\/lik-rosi-de-palma-u-jesenjoj-kampanji-brenda-camper\\\/\",\"url\":\"https:\\\/\\\/www.fashioncompany.rs\\\/en\\\/lik-rosi-de-palma-u-jesenjoj-kampanji-brenda-camper\\\/\",\"name\":\"LIK ROSI DE PALMA U JESENJOJ KAMPANJI BRENDA CAMPER - FashionCompany Corporate Site\",\"isPartOf\":{\"@id\":\"https:\\\/\\\/www.fashioncompany.rs\\\/en\\\/#website\"},\"primaryImageOfPage\":{\"@id\":\"https:\\\/\\\/www.fashioncompany.rs\\\/en\\\/lik-rosi-de-palma-u-jesenjoj-kampanji-brenda-camper\\\/#primaryimage\"},\"image\":{\"@id\":\"https:\\\/\\\/www.fashioncompany.rs\\\/en\\\/lik-rosi-de-palma-u-jesenjoj-kampanji-brenda-camper\\\/#primaryimage\"},\"thumbnailUrl\":\"https:\\\/\\\/www.fashioncompany.rs\\\/wp-content\\\/uploads\\\/2017\\\/09\\\/768x514-4-1.jpg\",\"datePublished\":\"2017-09-26T12:02:11+00:00\",\"breadcrumb\":{\"@id\":\"https:\\\/\\\/www.fashioncompany.rs\\\/en\\\/lik-rosi-de-palma-u-jesenjoj-kampanji-brenda-camper\\\/#breadcrumb\"},\"inLanguage\":\"en-US\",\"potentialAction\":[{\"@type\":\"ReadAction\",\"target\":[\"https:\\\/\\\/www.fashioncompany.rs\\\/en\\\/lik-rosi-de-palma-u-jesenjoj-kampanji-brenda-camper\\\/\"]}]},{\"@type\":\"ImageObject\",\"inLanguage\":\"en-US\",\"@id\":\"https:\\\/\\\/www.fashioncompany.rs\\\/en\\\/lik-rosi-de-palma-u-jesenjoj-kampanji-brenda-camper\\\/#primaryimage\",\"url\":\"https:\\\/\\\/www.fashioncompany.rs\\\/wp-content\\\/uploads\\\/2017\\\/09\\\/768x514-4-1.jpg\",\"contentUrl\":\"https:\\\/\\\/www.fashioncompany.rs\\\/wp-content\\\/uploads\\\/2017\\\/09\\\/768x514-4-1.jpg\",\"width\":768,\"height\":514},{\"@type\":\"BreadcrumbList\",\"@id\":\"https:\\\/\\\/www.fashioncompany.rs\\\/en\\\/lik-rosi-de-palma-u-jesenjoj-kampanji-brenda-camper\\\/#breadcrumb\",\"itemListElement\":[{\"@type\":\"ListItem\",\"position\":1,\"name\":\"Home\",\"item\":\"https:\\\/\\\/www.fashioncompany.rs\\\/\"},{\"@type\":\"ListItem\",\"position\":2,\"name\":\"LIK ROSI DE PALMA U JESENJOJ KAMPANJI BRENDA CAMPER\"}]},{\"@type\":\"WebSite\",\"@id\":\"https:\\\/\\\/www.fashioncompany.rs\\\/en\\\/#website\",\"url\":\"https:\\\/\\\/www.fashioncompany.rs\\\/en\\\/\",\"name\":\"FashionCompany Corporate Site\",\"description\":\"Just another WordPress site\",\"publisher\":{\"@id\":\"https:\\\/\\\/www.fashioncompany.rs\\\/en\\\/#organization\"},\"potentialAction\":[{\"@type\":\"SearchAction\",\"target\":{\"@type\":\"EntryPoint\",\"urlTemplate\":\"https:\\\/\\\/www.fashioncompany.rs\\\/en\\\/?s={search_term_string}\"},\"query-input\":{\"@type\":\"PropertyValueSpecification\",\"valueRequired\":true,\"valueName\":\"search_term_string\"}}],\"inLanguage\":\"en-US\"},{\"@type\":\"Organization\",\"@id\":\"https:\\\/\\\/www.fashioncompany.rs\\\/en\\\/#organization\",\"name\":\"Fashion Company\",\"url\":\"https:\\\/\\\/www.fashioncompany.rs\\\/en\\\/\",\"logo\":{\"@type\":\"ImageObject\",\"inLanguage\":\"en-US\",\"@id\":\"https:\\\/\\\/www.fashioncompany.rs\\\/en\\\/#\\\/schema\\\/logo\\\/image\\\/\",\"url\":\"https:\\\/\\\/www.fashioncompany.rs\\\/wp-content\\\/uploads\\\/2021\\\/01\\\/fco-logo-2-scaled.jpg\",\"contentUrl\":\"https:\\\/\\\/www.fashioncompany.rs\\\/wp-content\\\/uploads\\\/2021\\\/01\\\/fco-logo-2-scaled.jpg\",\"width\":2560,\"height\":399,\"caption\":\"Fashion Company\"},\"image\":{\"@id\":\"https:\\\/\\\/www.fashioncompany.rs\\\/en\\\/#\\\/schema\\\/logo\\\/image\\\/\"}},{\"@type\":\"Person\",\"@id\":\"https:\\\/\\\/www.fashioncompany.rs\\\/en\\\/#\\\/schema\\\/person\\\/58aef3ee5c6be5ce7a406d851eff8338\",\"name\":\"admin\",\"image\":{\"@type\":\"ImageObject\",\"inLanguage\":\"en-US\",\"@id\":\"https:\\\/\\\/secure.gravatar.com\\\/avatar\\\/178ded12a9b51977e07641029543d38314d8613632683d22834f258c40a6fa3a?s=96&d=mm&r=g\",\"url\":\"https:\\\/\\\/secure.gravatar.com\\\/avatar\\\/178ded12a9b51977e07641029543d38314d8613632683d22834f258c40a6fa3a?s=96&d=mm&r=g\",\"contentUrl\":\"https:\\\/\\\/secure.gravatar.com\\\/avatar\\\/178ded12a9b51977e07641029543d38314d8613632683d22834f258c40a6fa3a?s=96&d=mm&r=g\",\"caption\":\"admin\"},\"url\":\"https:\\\/\\\/www.fashioncompany.rs\\\/en\\\/author\\\/cs-team\\\/\"}]}<\/script>\n<!-- \/ Yoast SEO plugin. -->","yoast_head_json":{"title":"LIK ROSI DE PALMA U JESENJOJ KAMPANJI BRENDA CAMPER - FashionCompany Corporate Site","robots":{"index":"index","follow":"follow","max-snippet":"max-snippet:-1","max-image-preview":"max-image-preview:large","max-video-preview":"max-video-preview:-1"},"canonical":"https:\/\/www.fashioncompany.rs\/en\/lik-rosi-de-palma-u-jesenjoj-kampanji-brenda-camper\/","og_locale":"en_US","og_type":"article","og_title":"LIK ROSI DE PALMA U JESENJOJ KAMPANJI BRENDA CAMPER - FashionCompany Corporate Site","og_description":"[:sr]Tehno odiseja Romaina Kremera dobija svoj nastavak u Camperovoj poslednjoj nekonvencionalnoj i nadrealnoj kampanji za jesen\/zimu 2017. \u0160est novih avatara udahnulo je \u017eivot kampanji. Posebno se izdvaja lik \u010duvene \u0161panske glumice Rosi de Palma. Kampanjski imid\u017ei prikazuju uparene modele iz jesenje kolekcije zajedno sa sanjivim avatarima u monohromatskim kao i color block varijacijama \u0161to odli\u010dno odr\u017eava futuristi\u010dku estetiku brenda sa Majorke. [:]","og_url":"https:\/\/www.fashioncompany.rs\/en\/lik-rosi-de-palma-u-jesenjoj-kampanji-brenda-camper\/","og_site_name":"FashionCompany Corporate Site","article_published_time":"2017-09-26T12:02:11+00:00","og_image":[{"width":768,"height":514,"url":"https:\/\/www.fashioncompany.rs\/wp-content\/uploads\/2017\/09\/768x514-4-1.jpg","type":"image\/jpeg"}],"author":"admin","twitter_card":"summary_large_image","twitter_misc":{"Written by":"admin","Est. reading time":"1 minute"},"schema":{"@context":"https:\/\/schema.org","@graph":[{"@type":"Article","@id":"https:\/\/www.fashioncompany.rs\/en\/lik-rosi-de-palma-u-jesenjoj-kampanji-brenda-camper\/#article","isPartOf":{"@id":"https:\/\/www.fashioncompany.rs\/en\/lik-rosi-de-palma-u-jesenjoj-kampanji-brenda-camper\/"},"author":{"name":"admin","@id":"https:\/\/www.fashioncompany.rs\/en\/#\/schema\/person\/58aef3ee5c6be5ce7a406d851eff8338"},"headline":"LIK ROSI DE PALMA U JESENJOJ KAMPANJI BRENDA CAMPER","datePublished":"2017-09-26T12:02:11+00:00","mainEntityOfPage":{"@id":"https:\/\/www.fashioncompany.rs\/en\/lik-rosi-de-palma-u-jesenjoj-kampanji-brenda-camper\/"},"wordCount":162,"publisher":{"@id":"https:\/\/www.fashioncompany.rs\/en\/#organization"},"image":{"@id":"https:\/\/www.fashioncompany.rs\/en\/lik-rosi-de-palma-u-jesenjoj-kampanji-brenda-camper\/#primaryimage"},"thumbnailUrl":"https:\/\/www.fashioncompany.rs\/wp-content\/uploads\/2017\/09\/768x514-4-1.jpg","keywords":["CAMPER","fw17"],"articleSection":["News"],"inLanguage":"en-US"},{"@type":"WebPage","@id":"https:\/\/www.fashioncompany.rs\/en\/lik-rosi-de-palma-u-jesenjoj-kampanji-brenda-camper\/","url":"https:\/\/www.fashioncompany.rs\/en\/lik-rosi-de-palma-u-jesenjoj-kampanji-brenda-camper\/","name":"LIK ROSI DE PALMA U JESENJOJ KAMPANJI BRENDA CAMPER - FashionCompany Corporate Site","isPartOf":{"@id":"https:\/\/www.fashioncompany.rs\/en\/#website"},"primaryImageOfPage":{"@id":"https:\/\/www.fashioncompany.rs\/en\/lik-rosi-de-palma-u-jesenjoj-kampanji-brenda-camper\/#primaryimage"},"image":{"@id":"https:\/\/www.fashioncompany.rs\/en\/lik-rosi-de-palma-u-jesenjoj-kampanji-brenda-camper\/#primaryimage"},"thumbnailUrl":"https:\/\/www.fashioncompany.rs\/wp-content\/uploads\/2017\/09\/768x514-4-1.jpg","datePublished":"2017-09-26T12:02:11+00:00","breadcrumb":{"@id":"https:\/\/www.fashioncompany.rs\/en\/lik-rosi-de-palma-u-jesenjoj-kampanji-brenda-camper\/#breadcrumb"},"inLanguage":"en-US","potentialAction":[{"@type":"ReadAction","target":["https:\/\/www.fashioncompany.rs\/en\/lik-rosi-de-palma-u-jesenjoj-kampanji-brenda-camper\/"]}]},{"@type":"ImageObject","inLanguage":"en-US","@id":"https:\/\/www.fashioncompany.rs\/en\/lik-rosi-de-palma-u-jesenjoj-kampanji-brenda-camper\/#primaryimage","url":"https:\/\/www.fashioncompany.rs\/wp-content\/uploads\/2017\/09\/768x514-4-1.jpg","contentUrl":"https:\/\/www.fashioncompany.rs\/wp-content\/uploads\/2017\/09\/768x514-4-1.jpg","width":768,"height":514},{"@type":"BreadcrumbList","@id":"https:\/\/www.fashioncompany.rs\/en\/lik-rosi-de-palma-u-jesenjoj-kampanji-brenda-camper\/#breadcrumb","itemListElement":[{"@type":"ListItem","position":1,"name":"Home","item":"https:\/\/www.fashioncompany.rs\/"},{"@type":"ListItem","position":2,"name":"LIK ROSI DE PALMA U JESENJOJ KAMPANJI BRENDA CAMPER"}]},{"@type":"WebSite","@id":"https:\/\/www.fashioncompany.rs\/en\/#website","url":"https:\/\/www.fashioncompany.rs\/en\/","name":"FashionCompany Corporate Site","description":"Just another WordPress site","publisher":{"@id":"https:\/\/www.fashioncompany.rs\/en\/#organization"},"potentialAction":[{"@type":"SearchAction","target":{"@type":"EntryPoint","urlTemplate":"https:\/\/www.fashioncompany.rs\/en\/?s={search_term_string}"},"query-input":{"@type":"PropertyValueSpecification","valueRequired":true,"valueName":"search_term_string"}}],"inLanguage":"en-US"},{"@type":"Organization","@id":"https:\/\/www.fashioncompany.rs\/en\/#organization","name":"Fashion Company","url":"https:\/\/www.fashioncompany.rs\/en\/","logo":{"@type":"ImageObject","inLanguage":"en-US","@id":"https:\/\/www.fashioncompany.rs\/en\/#\/schema\/logo\/image\/","url":"https:\/\/www.fashioncompany.rs\/wp-content\/uploads\/2021\/01\/fco-logo-2-scaled.jpg","contentUrl":"https:\/\/www.fashioncompany.rs\/wp-content\/uploads\/2021\/01\/fco-logo-2-scaled.jpg","width":2560,"height":399,"caption":"Fashion Company"},"image":{"@id":"https:\/\/www.fashioncompany.rs\/en\/#\/schema\/logo\/image\/"}},{"@type":"Person","@id":"https:\/\/www.fashioncompany.rs\/en\/#\/schema\/person\/58aef3ee5c6be5ce7a406d851eff8338","name":"admin","image":{"@type":"ImageObject","inLanguage":"en-US","@id":"https:\/\/secure.gravatar.com\/avatar\/178ded12a9b51977e07641029543d38314d8613632683d22834f258c40a6fa3a?s=96&d=mm&r=g","url":"https:\/\/secure.gravatar.com\/avatar\/178ded12a9b51977e07641029543d38314d8613632683d22834f258c40a6fa3a?s=96&d=mm&r=g","contentUrl":"https:\/\/secure.gravatar.com\/avatar\/178ded12a9b51977e07641029543d38314d8613632683d22834f258c40a6fa3a?s=96&d=mm&r=g","caption":"admin"},"url":"https:\/\/www.fashioncompany.rs\/en\/author\/cs-team\/"}]}},"_links":{"self":[{"href":"https:\/\/www.fashioncompany.rs\/en\/wp-json\/wp\/v2\/posts\/7601","targetHints":{"allow":["GET"]}}],"collection":[{"href":"https:\/\/www.fashioncompany.rs\/en\/wp-json\/wp\/v2\/posts"}],"about":[{"href":"https:\/\/www.fashioncompany.rs\/en\/wp-json\/wp\/v2\/types\/post"}],"author":[{"embeddable":true,"href":"https:\/\/www.fashioncompany.rs\/en\/wp-json\/wp\/v2\/users\/1"}],"replies":[{"embeddable":true,"href":"https:\/\/www.fashioncompany.rs\/en\/wp-json\/wp\/v2\/comments?post=7601"}],"version-history":[{"count":0,"href":"https:\/\/www.fashioncompany.rs\/en\/wp-json\/wp\/v2\/posts\/7601\/revisions"}],"wp:featuredmedia":[{"embeddable":true,"href":"https:\/\/www.fashioncompany.rs\/en\/wp-json\/wp\/v2\/media\/7602"}],"wp:attachment":[{"href":"https:\/\/www.fashioncompany.rs\/en\/wp-json\/wp\/v2\/media?parent=7601"}],"wp:term":[{"taxonomy":"category","embeddable":true,"href":"https:\/\/www.fashioncompany.rs\/en\/wp-json\/wp\/v2\/categories?post=7601"},{"taxonomy":"post_tag","embeddable":true,"href":"https:\/\/www.fashioncompany.rs\/en\/wp-json\/wp\/v2\/tags?post=7601"}],"curies":[{"name":"wp","href":"https:\/\/api.w.org\/{rel}","templated":true}]}}