{"id":12384,"date":"2018-08-30T09:13:38","date_gmt":"2018-08-30T09:13:38","guid":{"rendered":"https:\/\/www.fashioncompany.rs\/?p=12384"},"modified":"2018-08-30T09:18:49","modified_gmt":"2018-08-30T09:18:49","slug":"back-to-the-city-jesenja-kampanja-2018","status":"publish","type":"post","link":"https:\/\/www.fashioncompany.rs\/en\/back-to-the-city-jesenja-kampanja-2018\/","title":{"rendered":"BACK TO THE CITY FALL 2018"},"content":{"rendered":"<p>Millenials who bend the world as they please, spreading joy and positive energy at every corner, are at the focus of the new autumn campaign of <strong>FASHION&amp;FRIENDS<\/strong>, the most renowned multibrand store chain in the region. Busy everyday life and mostly gray urban surrounding, as they tend to percieve it, are spiced up with firework of colours suggesting that fashionwise offical end of summer and begining of autmn are not necessarily sad and depressive.<\/p>\n<p>&nbsp;<\/p>\n<p>Fashion trends of the season are deftly packed into mix-&amp;-match fashion combinations using the most atractive pieces from the autmn\/winter 2018 collections of brands such as <strong>Replay<\/strong>,<strong> Diesel<\/strong>,<strong> Tommy Jeans<\/strong>,<strong> Guess<\/strong>,<strong> Levi\u2019s<\/strong>,<strong> Manila Grace<\/strong>,<strong> Scotch&amp;Soda<\/strong>,<strong> Liu Jo<\/strong>,<strong> Calvin Klein jeans<\/strong>,<strong> Timberland<\/strong>, and others.<\/p>\n<p>&nbsp;<\/p>\n<p><iframe loading=\"lazy\" width=\"1060\" height=\"596\" src=\"https:\/\/www.youtube.com\/embed\/yGdAW3GE0FA?feature=oembed\" frameborder=\"0\" allow=\"autoplay; encrypted-media\" allowfullscreen><\/iframe><\/p>\n<p>&nbsp;<\/p>\n<p>&nbsp;<\/p>\n<p>Multibrand <strong>FASHION&amp;FRIENDS<\/strong> stores can be find in Serbia \u2013 Belgrade, Novi Sad, Kragujevac and Ni\u0161; in Montenegro \u2013 Podgorica, Budva, Bar, Nik\u0161i\u0107 and Kotor; in Macedonia \u2013 Skopje; and in Croatia \u2013 Zagreb, Rijeka, Split and Zadar.<\/p>\n<p>&nbsp;<\/p>\n<p>CREDITS:<\/p>\n<p><em>\u00a0<\/em><\/p>\n<p>Styling:<\/p>\n<p><strong><em>FASHION&amp;FRIENDS<\/em><\/strong><\/p>\n<p>&nbsp;<\/p>\n<p>Photographer:<\/p>\n<p><strong><em>Alek \u017divkovi\u0107<\/em><\/strong><\/p>\n<p><strong><em>\u00a0<\/em><\/strong><\/p>\n<p>Models:<\/p>\n<p><strong><em>Dejana Vujsi\u0107 @ Models.inc<\/em><\/strong><\/p>\n<p><strong><em>Vanja Gasi\u0107 @ Models.inc<\/em><\/strong><\/p>\n<p><strong><em>David \u0110or\u0111evi\u0107 @ Models.inc<\/em><\/strong><\/p>\n<p><strong><em>Aleksa Vasiljevi\u0107 @ Models.inc<\/em><\/strong><\/p>\n<p><em>\u00a0<\/em><\/p>\n<p>Special thanks to:<\/p>\n<p><strong><em>WANNABE media<\/em><\/strong><\/p>","protected":false},"excerpt":{"rendered":"<p>Millenials who bend the world as they please, spreading joy and positive energy at every corner, are at the focus of the new autumn campaign of FASHION&amp;FRIENDS, the most renowned multibrand store chain in the region. Busy everyday life and mostly gray urban surrounding, as&#8230;<\/p>\n","protected":false},"author":3,"featured_media":12390,"comment_status":"open","ping_status":"closed","sticky":false,"template":"","format":"gallery","meta":{"_monsterinsights_skip_tracking":false,"_monsterinsights_sitenote_active":false,"_monsterinsights_sitenote_note":"","_monsterinsights_sitenote_category":0,"footnotes":""},"categories":[149],"tags":[486,462,99,191,198,484,487,485],"class_list":["post-12384","post","type-post","status-publish","format-gallery","has-post-thumbnail","hentry","category-blog","tag-brands","tag-fall2018","tag-fashionfriends","tag-fashionandfriends","tag-fashioncompany","tag-newcampaign","tag-newcollection","tag-urban","post_format-post-format-gallery"],"yoast_head":"<!-- This site is optimized with the Yoast SEO plugin v27.4 - https:\/\/yoast.com\/product\/yoast-seo-wordpress\/ -->\n<title>BACK TO THE CITY FALL 2018 - FashionCompany Corporate Site<\/title>\n<meta name=\"robots\" content=\"index, follow, max-snippet:-1, max-image-preview:large, max-video-preview:-1\" \/>\n<link rel=\"canonical\" href=\"https:\/\/www.fashioncompany.rs\/en\/back-to-the-city-jesenja-kampanja-2018\/\" \/>\n<meta property=\"og:locale\" content=\"en_US\" \/>\n<meta property=\"og:type\" content=\"article\" \/>\n<meta property=\"og:title\" content=\"[:sr]BACK TO THE CITY JESENJA KAMPANJA 2018[:en]BACK TO THE CITY FALL 2018[:] - FashionCompany Corporate Site\" \/>\n<meta property=\"og:description\" content=\"Millenials who bend the world as they please, spreading joy and positive energy at every corner, are at the focus of the new autumn campaign of FASHION&amp;FRIENDS, the most renowned multibrand store chain in the region. Busy everyday life and mostly gray urban surrounding, as...\" \/>\n<meta property=\"og:url\" content=\"https:\/\/www.fashioncompany.rs\/en\/back-to-the-city-jesenja-kampanja-2018\/\" \/>\n<meta property=\"og:site_name\" content=\"FashionCompany Corporate Site\" \/>\n<meta property=\"article:published_time\" content=\"2018-08-30T09:13:38+00:00\" \/>\n<meta property=\"article:modified_time\" content=\"2018-08-30T09:18:49+00:00\" \/>\n<meta property=\"og:image\" content=\"https:\/\/www.fashioncompany.rs\/wp-content\/uploads\/2018\/08\/061A0342.jpg\" \/>\n\t<meta property=\"og:image:width\" content=\"1772\" \/>\n\t<meta property=\"og:image:height\" content=\"1181\" \/>\n\t<meta property=\"og:image:type\" content=\"image\/jpeg\" \/>\n<meta name=\"author\" content=\"Ana Raji\u0107\" \/>\n<meta name=\"twitter:card\" content=\"summary_large_image\" \/>\n<meta name=\"twitter:label1\" content=\"Written by\" \/>\n\t<meta name=\"twitter:data1\" content=\"Ana Raji\u0107\" \/>\n\t<meta name=\"twitter:label2\" content=\"Est. reading time\" \/>\n\t<meta name=\"twitter:data2\" content=\"2 minutes\" \/>\n<script type=\"application\/ld+json\" class=\"yoast-schema-graph\">{\"@context\":\"https:\\\/\\\/schema.org\",\"@graph\":[{\"@type\":\"Article\",\"@id\":\"https:\\\/\\\/www.fashioncompany.rs\\\/en\\\/back-to-the-city-jesenja-kampanja-2018\\\/#article\",\"isPartOf\":{\"@id\":\"https:\\\/\\\/www.fashioncompany.rs\\\/en\\\/back-to-the-city-jesenja-kampanja-2018\\\/\"},\"author\":{\"name\":\"Ana Raji\u0107\",\"@id\":\"https:\\\/\\\/www.fashioncompany.rs\\\/en\\\/#\\\/schema\\\/person\\\/f2a9aac1e028dfa926a4f17dbc52d783\"},\"headline\":\"BACK TO THE CITY FALL 2018\",\"datePublished\":\"2018-08-30T09:13:38+00:00\",\"dateModified\":\"2018-08-30T09:18:49+00:00\",\"mainEntityOfPage\":{\"@id\":\"https:\\\/\\\/www.fashioncompany.rs\\\/en\\\/back-to-the-city-jesenja-kampanja-2018\\\/\"},\"wordCount\":421,\"commentCount\":0,\"publisher\":{\"@id\":\"https:\\\/\\\/www.fashioncompany.rs\\\/en\\\/#organization\"},\"image\":{\"@id\":\"https:\\\/\\\/www.fashioncompany.rs\\\/en\\\/back-to-the-city-jesenja-kampanja-2018\\\/#primaryimage\"},\"thumbnailUrl\":\"https:\\\/\\\/www.fashioncompany.rs\\\/wp-content\\\/uploads\\\/2018\\\/08\\\/061A0342.jpg\",\"keywords\":[\"brands\",\"fall2018\",\"Fashion&amp;Friends\",\"fashionandfriends\",\"fashioncompany\",\"newcampaign\",\"newcollection\",\"urban\"],\"articleSection\":[\"Magazine\"],\"inLanguage\":\"en-US\",\"potentialAction\":[{\"@type\":\"CommentAction\",\"name\":\"Comment\",\"target\":[\"https:\\\/\\\/www.fashioncompany.rs\\\/en\\\/back-to-the-city-jesenja-kampanja-2018\\\/#respond\"]}]},{\"@type\":\"WebPage\",\"@id\":\"https:\\\/\\\/www.fashioncompany.rs\\\/en\\\/back-to-the-city-jesenja-kampanja-2018\\\/\",\"url\":\"https:\\\/\\\/www.fashioncompany.rs\\\/en\\\/back-to-the-city-jesenja-kampanja-2018\\\/\",\"name\":\"[:sr]BACK TO THE CITY JESENJA KAMPANJA 2018[:en]BACK TO THE CITY FALL 2018[:] - FashionCompany Corporate Site\",\"isPartOf\":{\"@id\":\"https:\\\/\\\/www.fashioncompany.rs\\\/en\\\/#website\"},\"primaryImageOfPage\":{\"@id\":\"https:\\\/\\\/www.fashioncompany.rs\\\/en\\\/back-to-the-city-jesenja-kampanja-2018\\\/#primaryimage\"},\"image\":{\"@id\":\"https:\\\/\\\/www.fashioncompany.rs\\\/en\\\/back-to-the-city-jesenja-kampanja-2018\\\/#primaryimage\"},\"thumbnailUrl\":\"https:\\\/\\\/www.fashioncompany.rs\\\/wp-content\\\/uploads\\\/2018\\\/08\\\/061A0342.jpg\",\"datePublished\":\"2018-08-30T09:13:38+00:00\",\"dateModified\":\"2018-08-30T09:18:49+00:00\",\"breadcrumb\":{\"@id\":\"https:\\\/\\\/www.fashioncompany.rs\\\/en\\\/back-to-the-city-jesenja-kampanja-2018\\\/#breadcrumb\"},\"inLanguage\":\"en-US\",\"potentialAction\":[{\"@type\":\"ReadAction\",\"target\":[\"https:\\\/\\\/www.fashioncompany.rs\\\/en\\\/back-to-the-city-jesenja-kampanja-2018\\\/\"]}]},{\"@type\":\"ImageObject\",\"inLanguage\":\"en-US\",\"@id\":\"https:\\\/\\\/www.fashioncompany.rs\\\/en\\\/back-to-the-city-jesenja-kampanja-2018\\\/#primaryimage\",\"url\":\"https:\\\/\\\/www.fashioncompany.rs\\\/wp-content\\\/uploads\\\/2018\\\/08\\\/061A0342.jpg\",\"contentUrl\":\"https:\\\/\\\/www.fashioncompany.rs\\\/wp-content\\\/uploads\\\/2018\\\/08\\\/061A0342.jpg\",\"width\":1772,\"height\":1181},{\"@type\":\"BreadcrumbList\",\"@id\":\"https:\\\/\\\/www.fashioncompany.rs\\\/en\\\/back-to-the-city-jesenja-kampanja-2018\\\/#breadcrumb\",\"itemListElement\":[{\"@type\":\"ListItem\",\"position\":1,\"name\":\"Home\",\"item\":\"https:\\\/\\\/www.fashioncompany.rs\\\/\"},{\"@type\":\"ListItem\",\"position\":2,\"name\":\"BACK TO THE CITY FALL 2018\"}]},{\"@type\":\"WebSite\",\"@id\":\"https:\\\/\\\/www.fashioncompany.rs\\\/en\\\/#website\",\"url\":\"https:\\\/\\\/www.fashioncompany.rs\\\/en\\\/\",\"name\":\"FashionCompany Corporate Site\",\"description\":\"Just another WordPress site\",\"publisher\":{\"@id\":\"https:\\\/\\\/www.fashioncompany.rs\\\/en\\\/#organization\"},\"potentialAction\":[{\"@type\":\"SearchAction\",\"target\":{\"@type\":\"EntryPoint\",\"urlTemplate\":\"https:\\\/\\\/www.fashioncompany.rs\\\/en\\\/?s={search_term_string}\"},\"query-input\":{\"@type\":\"PropertyValueSpecification\",\"valueRequired\":true,\"valueName\":\"search_term_string\"}}],\"inLanguage\":\"en-US\"},{\"@type\":\"Organization\",\"@id\":\"https:\\\/\\\/www.fashioncompany.rs\\\/en\\\/#organization\",\"name\":\"Fashion Company\",\"url\":\"https:\\\/\\\/www.fashioncompany.rs\\\/en\\\/\",\"logo\":{\"@type\":\"ImageObject\",\"inLanguage\":\"en-US\",\"@id\":\"https:\\\/\\\/www.fashioncompany.rs\\\/en\\\/#\\\/schema\\\/logo\\\/image\\\/\",\"url\":\"https:\\\/\\\/www.fashioncompany.rs\\\/wp-content\\\/uploads\\\/2021\\\/01\\\/fco-logo-2-scaled.jpg\",\"contentUrl\":\"https:\\\/\\\/www.fashioncompany.rs\\\/wp-content\\\/uploads\\\/2021\\\/01\\\/fco-logo-2-scaled.jpg\",\"width\":2560,\"height\":399,\"caption\":\"Fashion Company\"},\"image\":{\"@id\":\"https:\\\/\\\/www.fashioncompany.rs\\\/en\\\/#\\\/schema\\\/logo\\\/image\\\/\"}},{\"@type\":\"Person\",\"@id\":\"https:\\\/\\\/www.fashioncompany.rs\\\/en\\\/#\\\/schema\\\/person\\\/f2a9aac1e028dfa926a4f17dbc52d783\",\"name\":\"Ana Raji\u0107\",\"image\":{\"@type\":\"ImageObject\",\"inLanguage\":\"en-US\",\"@id\":\"https:\\\/\\\/secure.gravatar.com\\\/avatar\\\/966580c7943fa4b606296daf98935c423974923978e5e765f35e0032f9db807f?s=96&d=mm&r=g\",\"url\":\"https:\\\/\\\/secure.gravatar.com\\\/avatar\\\/966580c7943fa4b606296daf98935c423974923978e5e765f35e0032f9db807f?s=96&d=mm&r=g\",\"contentUrl\":\"https:\\\/\\\/secure.gravatar.com\\\/avatar\\\/966580c7943fa4b606296daf98935c423974923978e5e765f35e0032f9db807f?s=96&d=mm&r=g\",\"caption\":\"Ana Raji\u0107\"},\"url\":\"https:\\\/\\\/www.fashioncompany.rs\\\/en\\\/author\\\/ana\\\/\"}]}<\/script>\n<!-- \/ Yoast SEO plugin. -->","yoast_head_json":{"title":"[:sr]BACK TO THE CITY JESENJA KAMPANJA 2018[:en]BACK TO THE CITY FALL 2018[:] - FashionCompany Corporate Site","robots":{"index":"index","follow":"follow","max-snippet":"max-snippet:-1","max-image-preview":"max-image-preview:large","max-video-preview":"max-video-preview:-1"},"canonical":"https:\/\/www.fashioncompany.rs\/en\/back-to-the-city-jesenja-kampanja-2018\/","og_locale":"en_US","og_type":"article","og_title":"[:sr]BACK TO THE CITY JESENJA KAMPANJA 2018[:en]BACK TO THE CITY FALL 2018[:] - FashionCompany Corporate Site","og_description":"Millenials who bend the world as they please, spreading joy and positive energy at every corner, are at the focus of the new autumn campaign of FASHION&amp;FRIENDS, the most renowned multibrand store chain in the region. Busy everyday life and mostly gray urban surrounding, as...","og_url":"https:\/\/www.fashioncompany.rs\/en\/back-to-the-city-jesenja-kampanja-2018\/","og_site_name":"FashionCompany Corporate Site","article_published_time":"2018-08-30T09:13:38+00:00","article_modified_time":"2018-08-30T09:18:49+00:00","og_image":[{"width":1772,"height":1181,"url":"https:\/\/www.fashioncompany.rs\/wp-content\/uploads\/2018\/08\/061A0342.jpg","type":"image\/jpeg"}],"author":"Ana Raji\u0107","twitter_card":"summary_large_image","twitter_misc":{"Written by":"Ana Raji\u0107","Est. reading time":"2 minutes"},"schema":{"@context":"https:\/\/schema.org","@graph":[{"@type":"Article","@id":"https:\/\/www.fashioncompany.rs\/en\/back-to-the-city-jesenja-kampanja-2018\/#article","isPartOf":{"@id":"https:\/\/www.fashioncompany.rs\/en\/back-to-the-city-jesenja-kampanja-2018\/"},"author":{"name":"Ana Raji\u0107","@id":"https:\/\/www.fashioncompany.rs\/en\/#\/schema\/person\/f2a9aac1e028dfa926a4f17dbc52d783"},"headline":"BACK TO THE CITY FALL 2018","datePublished":"2018-08-30T09:13:38+00:00","dateModified":"2018-08-30T09:18:49+00:00","mainEntityOfPage":{"@id":"https:\/\/www.fashioncompany.rs\/en\/back-to-the-city-jesenja-kampanja-2018\/"},"wordCount":421,"commentCount":0,"publisher":{"@id":"https:\/\/www.fashioncompany.rs\/en\/#organization"},"image":{"@id":"https:\/\/www.fashioncompany.rs\/en\/back-to-the-city-jesenja-kampanja-2018\/#primaryimage"},"thumbnailUrl":"https:\/\/www.fashioncompany.rs\/wp-content\/uploads\/2018\/08\/061A0342.jpg","keywords":["brands","fall2018","Fashion&amp;Friends","fashionandfriends","fashioncompany","newcampaign","newcollection","urban"],"articleSection":["Magazine"],"inLanguage":"en-US","potentialAction":[{"@type":"CommentAction","name":"Comment","target":["https:\/\/www.fashioncompany.rs\/en\/back-to-the-city-jesenja-kampanja-2018\/#respond"]}]},{"@type":"WebPage","@id":"https:\/\/www.fashioncompany.rs\/en\/back-to-the-city-jesenja-kampanja-2018\/","url":"https:\/\/www.fashioncompany.rs\/en\/back-to-the-city-jesenja-kampanja-2018\/","name":"[:sr]BACK TO THE CITY JESENJA KAMPANJA 2018[:en]BACK TO THE CITY FALL 2018[:] - FashionCompany Corporate Site","isPartOf":{"@id":"https:\/\/www.fashioncompany.rs\/en\/#website"},"primaryImageOfPage":{"@id":"https:\/\/www.fashioncompany.rs\/en\/back-to-the-city-jesenja-kampanja-2018\/#primaryimage"},"image":{"@id":"https:\/\/www.fashioncompany.rs\/en\/back-to-the-city-jesenja-kampanja-2018\/#primaryimage"},"thumbnailUrl":"https:\/\/www.fashioncompany.rs\/wp-content\/uploads\/2018\/08\/061A0342.jpg","datePublished":"2018-08-30T09:13:38+00:00","dateModified":"2018-08-30T09:18:49+00:00","breadcrumb":{"@id":"https:\/\/www.fashioncompany.rs\/en\/back-to-the-city-jesenja-kampanja-2018\/#breadcrumb"},"inLanguage":"en-US","potentialAction":[{"@type":"ReadAction","target":["https:\/\/www.fashioncompany.rs\/en\/back-to-the-city-jesenja-kampanja-2018\/"]}]},{"@type":"ImageObject","inLanguage":"en-US","@id":"https:\/\/www.fashioncompany.rs\/en\/back-to-the-city-jesenja-kampanja-2018\/#primaryimage","url":"https:\/\/www.fashioncompany.rs\/wp-content\/uploads\/2018\/08\/061A0342.jpg","contentUrl":"https:\/\/www.fashioncompany.rs\/wp-content\/uploads\/2018\/08\/061A0342.jpg","width":1772,"height":1181},{"@type":"BreadcrumbList","@id":"https:\/\/www.fashioncompany.rs\/en\/back-to-the-city-jesenja-kampanja-2018\/#breadcrumb","itemListElement":[{"@type":"ListItem","position":1,"name":"Home","item":"https:\/\/www.fashioncompany.rs\/"},{"@type":"ListItem","position":2,"name":"BACK TO THE CITY FALL 2018"}]},{"@type":"WebSite","@id":"https:\/\/www.fashioncompany.rs\/en\/#website","url":"https:\/\/www.fashioncompany.rs\/en\/","name":"FashionCompany Corporate Site","description":"Just another WordPress site","publisher":{"@id":"https:\/\/www.fashioncompany.rs\/en\/#organization"},"potentialAction":[{"@type":"SearchAction","target":{"@type":"EntryPoint","urlTemplate":"https:\/\/www.fashioncompany.rs\/en\/?s={search_term_string}"},"query-input":{"@type":"PropertyValueSpecification","valueRequired":true,"valueName":"search_term_string"}}],"inLanguage":"en-US"},{"@type":"Organization","@id":"https:\/\/www.fashioncompany.rs\/en\/#organization","name":"Fashion Company","url":"https:\/\/www.fashioncompany.rs\/en\/","logo":{"@type":"ImageObject","inLanguage":"en-US","@id":"https:\/\/www.fashioncompany.rs\/en\/#\/schema\/logo\/image\/","url":"https:\/\/www.fashioncompany.rs\/wp-content\/uploads\/2021\/01\/fco-logo-2-scaled.jpg","contentUrl":"https:\/\/www.fashioncompany.rs\/wp-content\/uploads\/2021\/01\/fco-logo-2-scaled.jpg","width":2560,"height":399,"caption":"Fashion Company"},"image":{"@id":"https:\/\/www.fashioncompany.rs\/en\/#\/schema\/logo\/image\/"}},{"@type":"Person","@id":"https:\/\/www.fashioncompany.rs\/en\/#\/schema\/person\/f2a9aac1e028dfa926a4f17dbc52d783","name":"Ana Raji\u0107","image":{"@type":"ImageObject","inLanguage":"en-US","@id":"https:\/\/secure.gravatar.com\/avatar\/966580c7943fa4b606296daf98935c423974923978e5e765f35e0032f9db807f?s=96&d=mm&r=g","url":"https:\/\/secure.gravatar.com\/avatar\/966580c7943fa4b606296daf98935c423974923978e5e765f35e0032f9db807f?s=96&d=mm&r=g","contentUrl":"https:\/\/secure.gravatar.com\/avatar\/966580c7943fa4b606296daf98935c423974923978e5e765f35e0032f9db807f?s=96&d=mm&r=g","caption":"Ana Raji\u0107"},"url":"https:\/\/www.fashioncompany.rs\/en\/author\/ana\/"}]}},"_links":{"self":[{"href":"https:\/\/www.fashioncompany.rs\/en\/wp-json\/wp\/v2\/posts\/12384","targetHints":{"allow":["GET"]}}],"collection":[{"href":"https:\/\/www.fashioncompany.rs\/en\/wp-json\/wp\/v2\/posts"}],"about":[{"href":"https:\/\/www.fashioncompany.rs\/en\/wp-json\/wp\/v2\/types\/post"}],"author":[{"embeddable":true,"href":"https:\/\/www.fashioncompany.rs\/en\/wp-json\/wp\/v2\/users\/3"}],"replies":[{"embeddable":true,"href":"https:\/\/www.fashioncompany.rs\/en\/wp-json\/wp\/v2\/comments?post=12384"}],"version-history":[{"count":5,"href":"https:\/\/www.fashioncompany.rs\/en\/wp-json\/wp\/v2\/posts\/12384\/revisions"}],"predecessor-version":[{"id":12404,"href":"https:\/\/www.fashioncompany.rs\/en\/wp-json\/wp\/v2\/posts\/12384\/revisions\/12404"}],"wp:featuredmedia":[{"embeddable":true,"href":"https:\/\/www.fashioncompany.rs\/en\/wp-json\/wp\/v2\/media\/12390"}],"wp:attachment":[{"href":"https:\/\/www.fashioncompany.rs\/en\/wp-json\/wp\/v2\/media?parent=12384"}],"wp:term":[{"taxonomy":"category","embeddable":true,"href":"https:\/\/www.fashioncompany.rs\/en\/wp-json\/wp\/v2\/categories?post=12384"},{"taxonomy":"post_tag","embeddable":true,"href":"https:\/\/www.fashioncompany.rs\/en\/wp-json\/wp\/v2\/tags?post=12384"}],"curies":[{"name":"wp","href":"https:\/\/api.w.org\/{rel}","templated":true}]}}